{"id":11328,"date":"2024-09-05T08:44:17","date_gmt":"2024-09-05T06:44:17","guid":{"rendered":"https:\/\/fontaineo.eu\/?p=11328"},"modified":"2025-02-21T17:39:05","modified_gmt":"2025-02-21T15:39:05","slug":"water-fountain-antibes-port-vauban","status":"publish","type":"post","link":"https:\/\/fontaineo.eu\/en\/water-fountain-antibes-port-vauban","title":{"rendered":"Antibes: Installation of a built-in water fountain at Port Vauban"},"content":{"rendered":"<p>Fontaineo is proud to announce the opening of a new <a href=\"https:\/\/fontaineo.eu\/en\/drinking-water-fountains\/built-in\/\">built-in water cooler<\/a> in the Port Vauban in Antibes. The installation took place on July 31, 2024, and is a permanent solution for visitors and workers in the port.<\/p>\n<h2>Innovative ecological fountains<\/h2>\n<p>The installed model offers still and sparkling water. <a href=\"https:\/\/fontaineo.eu\/en\/drinking-water-fountains\/chilled-water\/\">fresh water<\/a>This perfectly meets the needs of users. Thanks to this installation, Port Vauban is making a significant contribution to reducing plastic waste. In fact, each network water cooler installed saves many plastic bottles, an essential step in the fight against pollution.<\/p>\n<p>One of the distinctive features of this fountain is the electronic payment solution with badge reader, making it practical and secure to use. What's more, Fontaineo fountains are made in France, in the Franche-Comt\u00e9 region, supporting local industry and reducing the carbon footprint associated with transport.<\/p>\n<p><img fetchpriority=\"high\" decoding=\"async\" class=\"aligncenter wp-image-11386 size-full\" src=\"https:\/\/fontaineo.eu\/wp-content\/uploads\/2024\/08\/fontaine-a-eau-encastrable-fontaineo-port-vauban-e1724965974206.jpeg\" alt=\"\" width=\"1135\" height=\"1118\" srcset=\"https:\/\/fontaineo.eu\/wp-content\/uploads\/2024\/08\/fontaine-a-eau-encastrable-fontaineo-port-vauban-e1724965974206.jpeg 1135w, https:\/\/fontaineo.eu\/wp-content\/uploads\/2024\/08\/fontaine-a-eau-encastrable-fontaineo-port-vauban-e1724965974206-300x296.jpeg 300w, https:\/\/fontaineo.eu\/wp-content\/uploads\/2024\/08\/fontaine-a-eau-encastrable-fontaineo-port-vauban-e1724965974206-1024x1009.jpeg 1024w, https:\/\/fontaineo.eu\/wp-content\/uploads\/2024\/08\/fontaine-a-eau-encastrable-fontaineo-port-vauban-e1724965974206-768x756.jpeg 768w\" sizes=\"(max-width: 1135px) 100vw, 1135px\" \/><\/p>\n<h2>Fontaineo: a strong commitment to the environment<\/h2>\n<p>Beyond reducing plastic waste, Fontaineo is committed to promoting sustainable, environmentally-friendly solutions. Our locally designed and manufactured fountains demonstrate our commitment to quality and sustainability. They are perfect for a variety of sectors, from local authorities to businesses to outdoor events.<\/p>\n<p>With a <a href=\"https:\/\/fontaineo.eu\/en\/water-fountain-for-port-and-marina\/\">water fountain installed at the Port<\/a> Vauban, Antibes joins a community of towns that are opting for ecological and innovative solutions. This initiative shows the importance of taking concrete steps to protect our planet while offering quality services to users.<\/p>\n<h2>Contact us for your project<\/h2>\n<p>Are you planning to install a network water cooler? <a href=\"https:\/\/fontaineo.eu\/en\/contact\/\">Contact Fontaineo now<\/a> to discuss your needs and discover our customized solutions combining design, quality of service and environmental commitment. Together, we're one step closer to a plastic-free future.<\/p>\n<p>\u27a1\ufe0f https:\/\/fontaineo.eu<\/p>\n<p>\u27a1\ufe0f 01 84 19 03 03<\/p>\n<p>\u27a1\ufe0f contact@fontaineo.eu<\/p>","protected":false},"excerpt":{"rendered":"<p>Fontaineo est fier d&rsquo;annoncer l&rsquo;implantation d&rsquo;une nouvelle fontaine \u00e0 eau encastrable dans le Port Vauban \u00e0 Antibes. Cette installation a \u00e9t\u00e9 effectu\u00e9e le 31 juillet 2024 et est une solution permanente pour les visiteurs et les travailleurs du port. Des fontaines \u00e9cologiques et innovantes Le mod\u00e8le install\u00e9 offre de l&rsquo;eau plate et de l&rsquo;eau fra\u00eeche, [&hellip;]<\/p>","protected":false},"author":2,"featured_media":11387,"comment_status":"closed","ping_status":"open","sticky":false,"template":"","format":"standard","meta":{"_acf_changed":false,"footnotes":""},"categories":[10,1],"tags":[],"class_list":["post-11328","post","type-post","status-publish","format-standard","has-post-thumbnail","hentry","category-actualite-ville","category-actualites"],"acf":[],"yoast_head":"<!-- This site is optimized with the Yoast SEO plugin v27.4 - https:\/\/yoast.com\/product\/yoast-seo-wordpress\/ -->\n<title>Antibes : Installation d&#039;une fontaine \u00e0 eau Encastrable au Port Vauban - Fontaineo<\/title>\n<meta name=\"robots\" content=\"index, follow, max-snippet:-1, max-image-preview:large, max-video-preview:-1\" \/>\n<link rel=\"canonical\" href=\"https:\/\/fontaineo.eu\/en\/water-fountain-antibes-port-vauban\" \/>\n<meta property=\"og:locale\" content=\"en_US\" \/>\n<meta property=\"og:type\" content=\"article\" \/>\n<meta property=\"og:title\" content=\"Antibes : Installation d&#039;une fontaine \u00e0 eau Encastrable au Port Vauban - Fontaineo\" \/>\n<meta property=\"og:description\" content=\"Fontaineo est fier d&rsquo;annoncer l&rsquo;implantation d&rsquo;une nouvelle fontaine \u00e0 eau encastrable dans le Port Vauban \u00e0 Antibes. Cette installation a \u00e9t\u00e9 effectu\u00e9e le 31 juillet 2024 et est une solution permanente pour les visiteurs et les travailleurs du port. Des fontaines \u00e9cologiques et innovantes Le mod\u00e8le install\u00e9 offre de l&rsquo;eau plate et de l&rsquo;eau fra\u00eeche, [&hellip;]\" \/>\n<meta property=\"og:url\" content=\"https:\/\/fontaineo.eu\/en\/water-fountain-antibes-port-vauban\" \/>\n<meta property=\"og:site_name\" content=\"Fontaineo\" \/>\n<meta property=\"article:published_time\" content=\"2024-09-05T06:44:17+00:00\" \/>\n<meta property=\"article:modified_time\" content=\"2025-02-21T15:39:05+00:00\" \/>\n<meta property=\"og:image\" content=\"https:\/\/fontaineo.eu\/wp-content\/uploads\/2024\/08\/fontaine-a-eau-port-vauban.jpeg\" \/>\n\t<meta property=\"og:image:width\" content=\"2016\" \/>\n\t<meta property=\"og:image:height\" content=\"1134\" \/>\n\t<meta property=\"og:image:type\" content=\"image\/jpeg\" \/>\n<meta name=\"author\" content=\"Fontaineo\" \/>\n<meta name=\"twitter:card\" content=\"summary_large_image\" \/>\n<meta name=\"twitter:label1\" content=\"Written by\" \/>\n\t<meta name=\"twitter:data1\" content=\"Fontaineo\" \/>\n\t<meta name=\"twitter:label2\" content=\"Est. reading time\" \/>\n\t<meta name=\"twitter:data2\" content=\"2 minutes\" \/>\n<script type=\"application\/ld+json\" class=\"yoast-schema-graph\">{\"@context\":\"https:\\\/\\\/schema.org\",\"@graph\":[{\"@type\":\"Article\",\"@id\":\"https:\\\/\\\/fontaineo.eu\\\/fontaine-a-eau-antibes-port-vauban#article\",\"isPartOf\":{\"@id\":\"https:\\\/\\\/fontaineo.eu\\\/fontaine-a-eau-antibes-port-vauban\"},\"author\":{\"name\":\"Fontaineo\",\"@id\":\"https:\\\/\\\/fontaineo.eu\\\/#\\\/schema\\\/person\\\/01218cada45b0cad795147fa00bab746\"},\"headline\":\"Antibes : Installation d&rsquo;une fontaine \u00e0 eau Encastrable au Port Vauban\",\"datePublished\":\"2024-09-05T06:44:17+00:00\",\"dateModified\":\"2025-02-21T15:39:05+00:00\",\"mainEntityOfPage\":{\"@id\":\"https:\\\/\\\/fontaineo.eu\\\/fontaine-a-eau-antibes-port-vauban\"},\"wordCount\":348,\"publisher\":{\"@id\":\"https:\\\/\\\/fontaineo.eu\\\/#organization\"},\"image\":{\"@id\":\"https:\\\/\\\/fontaineo.eu\\\/fontaine-a-eau-antibes-port-vauban#primaryimage\"},\"thumbnailUrl\":\"https:\\\/\\\/fontaineo.eu\\\/wp-content\\\/uploads\\\/2024\\\/08\\\/fontaine-a-eau-port-vauban.jpeg\",\"articleSection\":[\"Actualit\u00e9 Ville\",\"Actualit\u00e9s\"],\"inLanguage\":\"en-US\"},{\"@type\":\"WebPage\",\"@id\":\"https:\\\/\\\/fontaineo.eu\\\/fontaine-a-eau-antibes-port-vauban\",\"url\":\"https:\\\/\\\/fontaineo.eu\\\/fontaine-a-eau-antibes-port-vauban\",\"name\":\"Antibes : Installation d'une fontaine \u00e0 eau Encastrable au Port Vauban - Fontaineo\",\"isPartOf\":{\"@id\":\"https:\\\/\\\/fontaineo.eu\\\/#website\"},\"primaryImageOfPage\":{\"@id\":\"https:\\\/\\\/fontaineo.eu\\\/fontaine-a-eau-antibes-port-vauban#primaryimage\"},\"image\":{\"@id\":\"https:\\\/\\\/fontaineo.eu\\\/fontaine-a-eau-antibes-port-vauban#primaryimage\"},\"thumbnailUrl\":\"https:\\\/\\\/fontaineo.eu\\\/wp-content\\\/uploads\\\/2024\\\/08\\\/fontaine-a-eau-port-vauban.jpeg\",\"datePublished\":\"2024-09-05T06:44:17+00:00\",\"dateModified\":\"2025-02-21T15:39:05+00:00\",\"breadcrumb\":{\"@id\":\"https:\\\/\\\/fontaineo.eu\\\/fontaine-a-eau-antibes-port-vauban#breadcrumb\"},\"inLanguage\":\"en-US\",\"potentialAction\":[{\"@type\":\"ReadAction\",\"target\":[\"https:\\\/\\\/fontaineo.eu\\\/fontaine-a-eau-antibes-port-vauban\"]}]},{\"@type\":\"ImageObject\",\"inLanguage\":\"en-US\",\"@id\":\"https:\\\/\\\/fontaineo.eu\\\/fontaine-a-eau-antibes-port-vauban#primaryimage\",\"url\":\"https:\\\/\\\/fontaineo.eu\\\/wp-content\\\/uploads\\\/2024\\\/08\\\/fontaine-a-eau-port-vauban.jpeg\",\"contentUrl\":\"https:\\\/\\\/fontaineo.eu\\\/wp-content\\\/uploads\\\/2024\\\/08\\\/fontaine-a-eau-port-vauban.jpeg\",\"width\":2016,\"height\":1134},{\"@type\":\"BreadcrumbList\",\"@id\":\"https:\\\/\\\/fontaineo.eu\\\/fontaine-a-eau-antibes-port-vauban#breadcrumb\",\"itemListElement\":[{\"@type\":\"ListItem\",\"position\":1,\"name\":\"Accueil\",\"item\":\"https:\\\/\\\/fontaineo.eu\\\/\"},{\"@type\":\"ListItem\",\"position\":2,\"name\":\"Antibes : Installation d&rsquo;une fontaine \u00e0 eau Encastrable au Port Vauban\"}]},{\"@type\":\"WebSite\",\"@id\":\"https:\\\/\\\/fontaineo.eu\\\/#website\",\"url\":\"https:\\\/\\\/fontaineo.eu\\\/\",\"name\":\"Fontaineo\",\"description\":\"Des fontaines \u00e0 eau pour tous vos projets\",\"publisher\":{\"@id\":\"https:\\\/\\\/fontaineo.eu\\\/#organization\"},\"potentialAction\":[{\"@type\":\"SearchAction\",\"target\":{\"@type\":\"EntryPoint\",\"urlTemplate\":\"https:\\\/\\\/fontaineo.eu\\\/?s={search_term_string}\"},\"query-input\":{\"@type\":\"PropertyValueSpecification\",\"valueRequired\":true,\"valueName\":\"search_term_string\"}}],\"inLanguage\":\"en-US\"},{\"@type\":\"Organization\",\"@id\":\"https:\\\/\\\/fontaineo.eu\\\/#organization\",\"name\":\"Fontaineo\",\"url\":\"https:\\\/\\\/fontaineo.eu\\\/\",\"logo\":{\"@type\":\"ImageObject\",\"inLanguage\":\"en-US\",\"@id\":\"https:\\\/\\\/fontaineo.eu\\\/#\\\/schema\\\/logo\\\/image\\\/\",\"url\":\"https:\\\/\\\/fontaineo.eu\\\/wp-content\\\/uploads\\\/2020\\\/04\\\/cropped-Fontaineo-logo-1.png\",\"contentUrl\":\"https:\\\/\\\/fontaineo.eu\\\/wp-content\\\/uploads\\\/2020\\\/04\\\/cropped-Fontaineo-logo-1.png\",\"width\":3208,\"height\":2692,\"caption\":\"Fontaineo\"},\"image\":{\"@id\":\"https:\\\/\\\/fontaineo.eu\\\/#\\\/schema\\\/logo\\\/image\\\/\"}},{\"@type\":\"Person\",\"@id\":\"https:\\\/\\\/fontaineo.eu\\\/#\\\/schema\\\/person\\\/01218cada45b0cad795147fa00bab746\",\"name\":\"Fontaineo\",\"image\":{\"@type\":\"ImageObject\",\"inLanguage\":\"en-US\",\"@id\":\"https:\\\/\\\/secure.gravatar.com\\\/avatar\\\/d45bd2faed7bc33b92a0eb3d18f791656460e25d4035e9a62dffa9818b5d7107?s=96&d=mm&r=g\",\"url\":\"https:\\\/\\\/secure.gravatar.com\\\/avatar\\\/d45bd2faed7bc33b92a0eb3d18f791656460e25d4035e9a62dffa9818b5d7107?s=96&d=mm&r=g\",\"contentUrl\":\"https:\\\/\\\/secure.gravatar.com\\\/avatar\\\/d45bd2faed7bc33b92a0eb3d18f791656460e25d4035e9a62dffa9818b5d7107?s=96&d=mm&r=g\",\"caption\":\"Fontaineo\"},\"url\":\"https:\\\/\\\/fontaineo.eu\\\/en\\\/author\\\/fontaineo\"}]}<\/script>\n<!-- \/ Yoast SEO plugin. -->","yoast_head_json":{"title":"Antibes: Installation of a built-in water fountain at Port Vauban - Fontaineo","robots":{"index":"index","follow":"follow","max-snippet":"max-snippet:-1","max-image-preview":"max-image-preview:large","max-video-preview":"max-video-preview:-1"},"canonical":"https:\/\/fontaineo.eu\/en\/water-fountain-antibes-port-vauban","og_locale":"en_US","og_type":"article","og_title":"Antibes : Installation d'une fontaine \u00e0 eau Encastrable au Port Vauban - Fontaineo","og_description":"Fontaineo est fier d&rsquo;annoncer l&rsquo;implantation d&rsquo;une nouvelle fontaine \u00e0 eau encastrable dans le Port Vauban \u00e0 Antibes. Cette installation a \u00e9t\u00e9 effectu\u00e9e le 31 juillet 2024 et est une solution permanente pour les visiteurs et les travailleurs du port. Des fontaines \u00e9cologiques et innovantes Le mod\u00e8le install\u00e9 offre de l&rsquo;eau plate et de l&rsquo;eau fra\u00eeche, [&hellip;]","og_url":"https:\/\/fontaineo.eu\/en\/water-fountain-antibes-port-vauban","og_site_name":"Fontaineo","article_published_time":"2024-09-05T06:44:17+00:00","article_modified_time":"2025-02-21T15:39:05+00:00","og_image":[{"width":2016,"height":1134,"url":"https:\/\/fontaineo.eu\/wp-content\/uploads\/2024\/08\/fontaine-a-eau-port-vauban.jpeg","type":"image\/jpeg"}],"author":"Fontaineo","twitter_card":"summary_large_image","twitter_misc":{"Written by":"Fontaineo","Est. reading time":"2 minutes"},"schema":{"@context":"https:\/\/schema.org","@graph":[{"@type":"Article","@id":"https:\/\/fontaineo.eu\/fontaine-a-eau-antibes-port-vauban#article","isPartOf":{"@id":"https:\/\/fontaineo.eu\/fontaine-a-eau-antibes-port-vauban"},"author":{"name":"Fontaineo","@id":"https:\/\/fontaineo.eu\/#\/schema\/person\/01218cada45b0cad795147fa00bab746"},"headline":"Antibes : Installation d&rsquo;une fontaine \u00e0 eau Encastrable au Port Vauban","datePublished":"2024-09-05T06:44:17+00:00","dateModified":"2025-02-21T15:39:05+00:00","mainEntityOfPage":{"@id":"https:\/\/fontaineo.eu\/fontaine-a-eau-antibes-port-vauban"},"wordCount":348,"publisher":{"@id":"https:\/\/fontaineo.eu\/#organization"},"image":{"@id":"https:\/\/fontaineo.eu\/fontaine-a-eau-antibes-port-vauban#primaryimage"},"thumbnailUrl":"https:\/\/fontaineo.eu\/wp-content\/uploads\/2024\/08\/fontaine-a-eau-port-vauban.jpeg","articleSection":["Actualit\u00e9 Ville","Actualit\u00e9s"],"inLanguage":"en-US"},{"@type":"WebPage","@id":"https:\/\/fontaineo.eu\/fontaine-a-eau-antibes-port-vauban","url":"https:\/\/fontaineo.eu\/fontaine-a-eau-antibes-port-vauban","name":"Antibes: Installation of a built-in water fountain at Port Vauban - Fontaineo","isPartOf":{"@id":"https:\/\/fontaineo.eu\/#website"},"primaryImageOfPage":{"@id":"https:\/\/fontaineo.eu\/fontaine-a-eau-antibes-port-vauban#primaryimage"},"image":{"@id":"https:\/\/fontaineo.eu\/fontaine-a-eau-antibes-port-vauban#primaryimage"},"thumbnailUrl":"https:\/\/fontaineo.eu\/wp-content\/uploads\/2024\/08\/fontaine-a-eau-port-vauban.jpeg","datePublished":"2024-09-05T06:44:17+00:00","dateModified":"2025-02-21T15:39:05+00:00","breadcrumb":{"@id":"https:\/\/fontaineo.eu\/fontaine-a-eau-antibes-port-vauban#breadcrumb"},"inLanguage":"en-US","potentialAction":[{"@type":"ReadAction","target":["https:\/\/fontaineo.eu\/fontaine-a-eau-antibes-port-vauban"]}]},{"@type":"ImageObject","inLanguage":"en-US","@id":"https:\/\/fontaineo.eu\/fontaine-a-eau-antibes-port-vauban#primaryimage","url":"https:\/\/fontaineo.eu\/wp-content\/uploads\/2024\/08\/fontaine-a-eau-port-vauban.jpeg","contentUrl":"https:\/\/fontaineo.eu\/wp-content\/uploads\/2024\/08\/fontaine-a-eau-port-vauban.jpeg","width":2016,"height":1134},{"@type":"BreadcrumbList","@id":"https:\/\/fontaineo.eu\/fontaine-a-eau-antibes-port-vauban#breadcrumb","itemListElement":[{"@type":"ListItem","position":1,"name":"Accueil","item":"https:\/\/fontaineo.eu\/"},{"@type":"ListItem","position":2,"name":"Antibes : Installation d&rsquo;une fontaine \u00e0 eau Encastrable au Port Vauban"}]},{"@type":"WebSite","@id":"https:\/\/fontaineo.eu\/#website","url":"https:\/\/fontaineo.eu\/","name":"Fontaineo","description":"Water fountains for all your projects","publisher":{"@id":"https:\/\/fontaineo.eu\/#organization"},"potentialAction":[{"@type":"SearchAction","target":{"@type":"EntryPoint","urlTemplate":"https:\/\/fontaineo.eu\/?s={search_term_string}"},"query-input":{"@type":"PropertyValueSpecification","valueRequired":true,"valueName":"search_term_string"}}],"inLanguage":"en-US"},{"@type":"Organization","@id":"https:\/\/fontaineo.eu\/#organization","name":"Fontaineo","url":"https:\/\/fontaineo.eu\/","logo":{"@type":"ImageObject","inLanguage":"en-US","@id":"https:\/\/fontaineo.eu\/#\/schema\/logo\/image\/","url":"https:\/\/fontaineo.eu\/wp-content\/uploads\/2020\/04\/cropped-Fontaineo-logo-1.png","contentUrl":"https:\/\/fontaineo.eu\/wp-content\/uploads\/2020\/04\/cropped-Fontaineo-logo-1.png","width":3208,"height":2692,"caption":"Fontaineo"},"image":{"@id":"https:\/\/fontaineo.eu\/#\/schema\/logo\/image\/"}},{"@type":"Person","@id":"https:\/\/fontaineo.eu\/#\/schema\/person\/01218cada45b0cad795147fa00bab746","name":"Fontaineo","image":{"@type":"ImageObject","inLanguage":"en-US","@id":"https:\/\/secure.gravatar.com\/avatar\/d45bd2faed7bc33b92a0eb3d18f791656460e25d4035e9a62dffa9818b5d7107?s=96&d=mm&r=g","url":"https:\/\/secure.gravatar.com\/avatar\/d45bd2faed7bc33b92a0eb3d18f791656460e25d4035e9a62dffa9818b5d7107?s=96&d=mm&r=g","contentUrl":"https:\/\/secure.gravatar.com\/avatar\/d45bd2faed7bc33b92a0eb3d18f791656460e25d4035e9a62dffa9818b5d7107?s=96&d=mm&r=g","caption":"Fontaineo"},"url":"https:\/\/fontaineo.eu\/en\/author\/fontaineo"}]}},"_links":{"self":[{"href":"https:\/\/fontaineo.eu\/en\/wp-json\/wp\/v2\/posts\/11328","targetHints":{"allow":["GET"]}}],"collection":[{"href":"https:\/\/fontaineo.eu\/en\/wp-json\/wp\/v2\/posts"}],"about":[{"href":"https:\/\/fontaineo.eu\/en\/wp-json\/wp\/v2\/types\/post"}],"author":[{"embeddable":true,"href":"https:\/\/fontaineo.eu\/en\/wp-json\/wp\/v2\/users\/2"}],"replies":[{"embeddable":true,"href":"https:\/\/fontaineo.eu\/en\/wp-json\/wp\/v2\/comments?post=11328"}],"version-history":[{"count":0,"href":"https:\/\/fontaineo.eu\/en\/wp-json\/wp\/v2\/posts\/11328\/revisions"}],"wp:featuredmedia":[{"embeddable":true,"href":"https:\/\/fontaineo.eu\/en\/wp-json\/wp\/v2\/media\/11387"}],"wp:attachment":[{"href":"https:\/\/fontaineo.eu\/en\/wp-json\/wp\/v2\/media?parent=11328"}],"wp:term":[{"taxonomy":"category","embeddable":true,"href":"https:\/\/fontaineo.eu\/en\/wp-json\/wp\/v2\/categories?post=11328"},{"taxonomy":"post_tag","embeddable":true,"href":"https:\/\/fontaineo.eu\/en\/wp-json\/wp\/v2\/tags?post=11328"}],"curies":[{"name":"wp","href":"https:\/\/api.w.org\/{rel}","templated":true}]}}